{"id":19245,"date":"2023-01-13T18:37:53","date_gmt":"2023-01-13T15:37:53","guid":{"rendered":"https:\/\/gulmangroup.com\/?p=19245"},"modified":"2026-02-03T16:57:21","modified_gmt":"2026-02-03T13:57:21","slug":"2023-ocak-euronews-sport","status":"publish","type":"post","link":"https:\/\/gulmangroup.com\/fr\/2023-ocak-euronews-sport\/","title":{"rendered":"Janvier 2023, Euronews Sport"},"content":{"rendered":"<p>G\u00fclman Group Y\u00f6netim Kurulu Ba\u015fkan\u0131 Polat G\u00fclman:<br \/>\nYeni pozisyonlar alman\u0131n vakti geldi<br \/>\n\u0130\u015faretlerin \u00f6n\u00fcm\u00fczdeki aylarda ABD&#8217;de faizlerin azalt\u0131laca\u011f\u0131 bir d\u00f6neme do\u011fru ilerledi\u011fimizin habercisi oldu\u011funu belirten G\u00fclman Group Y\u00f6netim Kurulu Ba\u015fkan\u0131 Polat G\u00fclman, &#8220;Bu noktada oradaki rahatlaman\u0131n, t\u00fcm d\u00fcnyada olaca\u011f\u0131 gibi \u00fclkemize de \u00f6nemli \u00f6l\u00e7\u00fcde bir yans\u0131ma yarataca\u011f\u0131 kanaatindeyim. Bu etki ile enflasyonun d\u00fc\u015fece\u011fini, yat\u0131r\u0131m imkanlar\u0131n\u0131n artaca\u011f\u0131m\u0131 \u00f6ng\u00f6rmek m\u00fcmk\u00fcn. Dolay\u0131s\u0131yla yeni pozisyonlar alman\u0131n vaktinin geldi\u011fini d\u00fc\u015f\u00fcn\u00fcyorum. Erken davranmak ve f\u0131rsatlar\u0131 ka\u00e7\u0131rmamak gerekir&#8221;<br \/>\nYetmi\u015finci y\u0131l\u0131n\u0131 geride b\u0131rakan G\u00fclman Group, bu uzun yolculu\u011fun yap\u0131 ta\u015flar\u0131n\u0131 olu\u015ftururken, g\u00fcven kavram\u0131n\u0131 \u00f6n plana \u00e7\u0131- karmay\u0131 ba\u015farm\u0131\u015f. Yat\u0131r\u0131m yap\u0131lan her alanda ba\u015far\u0131l\u0131 \u00e7al\u0131\u015fmalara imza atan G\u00fclman Group, gelece\u011fi yakalamak i\u00e7in g\u00fc\u00e7l\u00fc ad\u0131mlar atmaya devam ediyor. \u00d6n\u00fcm\u00fczdeki d\u00f6nem planlamalar\u0131 ile ilgili g\u00f6- r\u00fc\u015flerini ald\u0131\u011f\u0131m\u0131z G\u00fclman Group Y\u00f6netim Kurulu Ba\u015fkan\u0131 Polat G\u00fclman, sorular\u0131m\u0131z\u0131 yan\u0131tlad\u0131.<br \/>\nOfislerin konut alan\u0131 olarak de\u011ferlendiril- mesi ile ilgili konu bir d\u00f6nem g\u00fcndemdeki yerini korudu. \u015eu an ise konu, g\u00fcndemin \u00fcst s\u0131rala- r\u0131nda yer bulamasa da alt s\u0131ralar\u0131ndaki yerini koruyor. Konu ile ilgili neler s\u00f6ylemek istersiniz?<br \/>\nPandemi d\u00f6neminde evden \u00e7al\u0131\u015fma, t\u00fcm d\u00fcnyada oldu\u011fu gibi \u00fclkemizde de uyguland\u0131, bug\u00fcn ise bu usul k\u0131smen de olsa devam ediyor. \u00dclkemiz \u00f6zelinde bakt\u0131\u011f\u0131m\u0131zda, \u00f6zellikle b\u00fcy\u00fck kurumsal \u015firketlerde hibrid \u00e7al\u0131\u015fma d\u00fczeni i\u00e7inde ofislere d\u00f6n\u00fc\u015f\u00fcn ger\u00e7ek- le\u015fti\u011fini s\u00f6yleyebiliriz. \u00c7o\u011fu \u015firket haftan\u0131n belirli g\u00fcnlerinde evden \u00e7al\u0131\u015fmay\u0131 kal\u0131c\u0131 olarak g\u00fcndeme ald\u0131, ancak a\u011f\u0131rl\u0131kl\u0131 olarak ofisler kullan\u0131lmaya ba\u015fland\u0131. Zaman i\u00e7inde ev ortam\u0131nda \u00e7al\u0131\u015fman\u0131n zorluklar\u0131yla ba\u015f etmek yerine etkile\u015fimli, al\u0131\u015f\u0131lm\u0131\u015f d\u00fczende \u00e7al\u0131\u015fma ihtiyac\u0131 \u00f6ne \u00e7\u0131kt\u0131. Bu d\u00f6nemin en b\u00fcy\u00fck kazan\u0131m\u0131 ise \u015firketlerin teknoloji altyap\u0131lar\u0131n\u0131 g\u00fc\u00e7lendirmesi oldu. Tam donan\u0131ml\u0131 ofislerin sundu\u011fu konforlar ve bu konforun getirileri nedeniyle ofisten konuta d\u00f6n\u00fc\u015f\u00fcm beklentisinin ger\u00e7ek\u00e7i olmad\u0131\u011f\u0131n\u0131 d\u00fc\u015f\u00fcn\u00fcyorum.<br \/>\nPandemi sonras\u0131 \u00f6ng\u00f6r\u00fclerinizi alabilir miyiz?<br \/>\nUluslararas\u0131 alanda en yayg\u0131n para birimi dolar ve<br \/>\ndolar\u0131n sahibi d\u00fcnyan\u0131n en bor\u00e7lu \u00fclkesi ABD&#8230; Verilen i\u015faretler \u00f6n\u00fcm\u00fczdeki aylarda ABD&#8217;de faizlerin azalt\u0131laca\u011f\u0131 bir d\u00f6neme do\u011fru ilerledi\u011fimizin haber- cisi. Bu noktada oradaki rahatlaman\u0131n, t\u00fcm d\u00fcnyada olaca\u011f\u0131 gibi \u00fclkemize de \u00f6nemli \u00f6l\u00e7\u00fcde bir yans\u0131ma yarataca\u011f\u0131 kanaatindeyim. Bu etki ile enflasyonun d\u00fc- \u015fece\u011fini, yat\u0131r\u0131m imkanlar\u0131n\u0131n artaca\u011f\u0131n\u0131 \u00f6ng\u00f6rmek m\u00fcmk\u00fcn. Dolay\u0131s\u0131yla yeni pozisyonlar alman\u0131n vak- tinin geldi\u011fini d\u00fc\u015f\u00fcn\u00fcyorum. Erken davranmak ve fir- satlar\u0131 ka\u00e7\u0131rmamak gerekir.<br \/>\n\u00d6ng\u00f6r\u00fcleriniz do\u011frultusunda yapt\u0131\u011f\u0131n\u0131z ve yapaca\u011f\u0131n\u0131z yat\u0131r\u0131mlar ile ilgili bir de\u011ferlendirme alabilir miyiz?<br \/>\nPerakende pazar\u0131 i\u00e7erisinde e-ticaretin pay\u0131 art- maya devam ediyor. Bu do\u011frultuda yapt\u0131\u011f\u0131m\u0131z depo yat\u0131r\u0131mlar\u0131m\u0131za yenilerini eklemeyi planl\u0131yoruz. Tuzla&#8217;ya yapaca\u011f\u0131m\u0131z yeni yat\u0131r\u0131mla ilgili \u00f6nemli a\u015fa- malar kat ettik. Ruhsatland\u0131rma s\u00fcreci sonras\u0131 yat\u0131- rima start verece\u011fiz. Buna ilaveten Gebze&#8217;de de yeni depolar yapmay\u0131 hedefliyoruz.<br \/>\nTuzla&#8217;daki yat\u0131r\u0131m\u0131z\u0131n yan\u0131na Biyoteknoloji OSB geliyor. Bunu, kendi planlamalar\u0131m\u0131z a\u00e7\u0131s\u0131ndan son derece \u00f6nemli bir geli\u015fme olarak de\u011ferlendiriyoruz, ortaya \u00e7\u0131kan avantajlar\u0131 da dikkatle takip edece\u011fiz. Bu- rada tek sorun; \u00f6zkaynaklar\u0131n d\u0131\u015f\u0131ndaki finansman ihtiyac\u0131 ve finansman\u0131n maliyeti. Esas\u0131nda depo i\u00e7in mevcut talep, arz\u0131n iki misli. Hal b\u00f6yle olunca yeni ya- t\u0131r\u0131m son derece cazip hale geldi. Biz de bu alandaki yat\u0131r\u0131mlar\u0131m\u0131za h\u0131z vermek istiyoruz.<br \/>\nSava\u015f\u0131n bu duruma etkisi var m\u0131?<br \/>\nTalep pandemiyle birlikte \u00f6nemli \u00f6l\u00e7\u00fcde artt\u0131. Ancak \u00fclkemizin lojistik \u00fcs olma yolunda ortaya \u00e7\u0131kan imkanlar do\u011frultusunda att\u0131\u011f\u0131 ad\u0131mlar da olduk\u00e7a \u00f6nemli. Sava\u015f ortam\u0131nda da, g\u00fcvenli bir liman olma- m\u0131z bu ad\u0131mlar\u0131n k\u0131ymetini daha da artt\u0131rd\u0131 diyebiliriz.<br \/>\nKonut ihtiyac\u0131 ile ilgili bir s\u00f6ylem var ve bu do\u011frultuda talebin \u00f6n\u00fcm\u00fczdeki d\u00f6nemde artaca\u011f\u0131 y\u00f6n\u00fcnde bir bekleyi\u015f var. Sizin bu konuda d\u00fc\u015f\u00fcncenizi alabilir miyiz?<br \/>\nKonut alan\u0131ndaki talebin k\u0131sa d\u00f6nemde \u00e7ok fazla artaca\u011f\u0131 kanaatinde de\u011filim. Bununla birlikte, Ispartakule&#8217;deki arsam\u0131z ile ilgili bir konut projesini g\u00fcndemimize ald\u0131k. Yakla\u015f\u0131k 1.000 konutluk, nitelikli bir projeyi hayata ge\u00e7irmeyi arzu ediyoruz. O b\u00f6lgede marka olmu\u015f m\u00fcteahhitlerle birlikte \u00e7al\u0131\u015fabilir ya da kendimiz yapabiliriz. Bu konudaki d\u00fc\u015f\u00fcncemiz hen\u00fcz netle\u015fmedi.<br \/>\nIspartakule son 20 y\u0131ld\u0131r g\u00fcndemdeydi, neden bu kadar beklediniz?<br \/>\nO d\u00f6nemde bizim \u00e7evremiz bo\u015ftu, zamanla uzak \u00e7evremiz, \u015fimdi ise yak\u0131n \u00e7evremiz dolmaya ba\u015flad\u0131. Do\u011fal olarak biz de art\u0131k arsam\u0131z\u0131 de\u011ferlendirme za- man\u0131n\u0131n geldi\u011fini d\u00fc\u015f\u00fcn\u00fcyoruz. Arsam\u0131z\u0131 kat kar\u015f\u0131l\u0131\u011f\u0131 y\u00f6ntemiyle de\u011ferlendirmek \u00fczere g\u00f6r\u00fc\u015ft\u00fc\u011f\u00fcm\u00fcz birka\u00e7 grup var. Bunun yan\u0131nda \u0130zmir ve \u00c7anakkale&#8217;deki<br \/>\narsalar\u0131m\u0131zla ile ilgili de planlamalar yapmaktay\u0131z. \u0130zmir&#8217;de hemen yan\u0131 ba\u015f\u0131m\u0131zda 200 villal\u0131k bir proje hayata ge\u00e7iyor, b\u00f6ylece bulundu\u011fumuz koyun de\u011feri art\u0131yor. Araziyi hem villa, hem de devre m\u00fclk projesi olarak de\u011ferlendirmek istiyoruz. Belki devre m\u00fclk konusunda tecr\u00fcbeli bir ortak d\u00fc\u015f\u00fcnebiliriz ama genel olarak projede imzam\u0131z olsun istiyoruz.<br \/>\n\u00c7anakkale&#8217;deki arazimiz ile ilgili olarak ge\u00e7mi\u015fte gemi yap\u0131m\u0131 alan\u0131ndaki f\u0131rsatlar\u0131 de\u011ferlendirmek \u00fczere tersane yap\u0131m\u0131 i\u00e7in bir giri\u015fimde bulunmu\u015f, ancak sekt\u00f6rdeki geli\u015fmeler nedeniyle projeyi beklemeye alm\u0131\u015ft\u0131k. 1915 \u00c7anakkale K\u00f6pr\u00fcs\u00fc&#8217;n\u00fcn \u00e7ok ya- k\u0131n\u0131nda yer alan arazi, k\u00f6pr\u00fc yap\u0131m a\u015famas\u0131nda da kullan\u0131ld\u0131. K\u00f6pr\u00fcn\u00fcn tabliyelerini bizim arazimizde in\u015fa ettiler. K\u00f6pr\u00fc yap\u0131m\u0131 s\u0131ras\u0131nda g\u00fc\u00e7lendirilen zemin, tersane yap\u0131m\u0131na m\u00fcsait hale geldi.<br \/>\nEnerji ile ilgili yat\u0131r\u0131mlar\u0131 \u00f6ne alm\u0131\u015ft\u0131n\u0131z. O andaki yat\u0131r\u0131mlar\u0131n\u0131z devam edecek mi?<br \/>\nEnerji alan\u0131ndaki yat\u0131r\u0131mlar\u0131m\u0131za GES yat\u0131r\u0131m\u0131 ile ba\u015flam\u0131\u015ft\u0131k. Yapt\u0131\u011f\u0131m\u0131z yat\u0131r\u0131mlarla, bu alandaki bilgi birikimimizi art\u0131rd\u0131\u011f\u0131m\u0131z\u0131 d\u00fc\u015f\u00fcn\u00fcyorum. \u015eu an kendi t\u00fcketti\u011finiz kadar \u00fcretim yapma yetkisi verildi,<br \/>\nOcak 2023<\/p>","protected":false},"excerpt":{"rendered":"<p>G\u00fclman Group Y\u00f6netim Kurulu Ba\u015fkan\u0131 Polat G\u00fclman: Yeni pozisyonlar alman\u0131n vakti geldi \u0130\u015faretlerin \u00f6n\u00fcm\u00fczdeki aylarda ABD&#8217;de faizlerin azalt\u0131laca\u011f\u0131 bir d\u00f6neme do\u011fru ilerledi\u011fimizin habercisi oldu\u011funu belirten G\u00fclman Group Y\u00f6netim Kurulu Ba\u015fkan\u0131 Polat G\u00fclman, &#8220;Bu noktada oradaki rahatlaman\u0131n, t\u00fcm d\u00fcnyada olaca\u011f\u0131 gibi \u00fclkemize de \u00f6nemli \u00f6l\u00e7\u00fcde bir yans\u0131ma yarataca\u011f\u0131 kanaatindeyim. Bu etki ile enflasyonun d\u00fc\u015fece\u011fini, yat\u0131r\u0131m imkanlar\u0131n\u0131n [&hellip;]<\/p>\n","protected":false},"author":28,"featured_media":19246,"comment_status":"closed","ping_status":"closed","sticky":false,"template":"","format":"standard","meta":{"footnotes":""},"categories":[765],"tags":[],"class_list":["post-19245","post","type-post","status-publish","format-standard","has-post-thumbnail","hentry","category-basin-odasi"],"yoast_head":"<!-- This site is optimized with the Yoast SEO plugin v27.5 - https:\/\/yoast.com\/product\/yoast-seo-wordpress\/ -->\n<title>G\u00fclman Group | 2023 Ocak, Euronews Sport<\/title>\n<meta name=\"description\" content=\"Polat G\u00fclman, faiz indirimleriyle yat\u0131r\u0131m ortam\u0131n\u0131n canlanaca\u011f\u0131n\u0131 belirterek yeni pozisyonlar alman\u0131n zaman\u0131 geldi\u011fini vurguluyor.\" \/>\n<meta name=\"robots\" content=\"index, follow, max-snippet:-1, max-image-preview:large, max-video-preview:-1\" \/>\n<link rel=\"canonical\" href=\"https:\/\/gulmangroup.com\/fr\/2023-ocak-euronews-sport\/\" \/>\n<meta property=\"og:locale\" content=\"fr_FR\" \/>\n<meta property=\"og:type\" content=\"article\" \/>\n<meta property=\"og:title\" content=\"G\u00fclman Group | 2023 Ocak, Euronews Sport\" \/>\n<meta property=\"og:description\" content=\"Polat G\u00fclman, faiz indirimleriyle yat\u0131r\u0131m ortam\u0131n\u0131n canlanaca\u011f\u0131n\u0131 belirterek yeni pozisyonlar alman\u0131n zaman\u0131 geldi\u011fini vurguluyor.\" \/>\n<meta property=\"og:url\" content=\"https:\/\/gulmangroup.com\/fr\/2023-ocak-euronews-sport\/\" \/>\n<meta property=\"og:site_name\" content=\"G\u00fclman Group\" \/>\n<meta property=\"article:published_time\" content=\"2023-01-13T15:37:53+00:00\" \/>\n<meta property=\"article:modified_time\" content=\"2026-02-03T13:57:21+00:00\" \/>\n<meta property=\"og:image\" content=\"https:\/\/gulmangroup.com\/wp-content\/uploads\/2023\/11\/2023-ocak-euronewsport-2-1-header.jpg\" \/>\n\t<meta property=\"og:image:width\" content=\"500\" \/>\n\t<meta property=\"og:image:height\" content=\"500\" \/>\n\t<meta property=\"og:image:type\" content=\"image\/jpeg\" \/>\n<meta name=\"author\" content=\"Dijifabrik\" \/>\n<meta name=\"twitter:card\" content=\"summary_large_image\" \/>\n<meta name=\"twitter:label1\" content=\"\u00c9crit par\" \/>\n\t<meta name=\"twitter:data1\" content=\"Dijifabrik\" \/>\n\t<meta name=\"twitter:label2\" content=\"Dur\u00e9e de lecture estim\u00e9e\" \/>\n\t<meta name=\"twitter:data2\" content=\"5 minutes\" \/>\n<script type=\"application\/ld+json\" class=\"yoast-schema-graph\">{\"@context\":\"https:\\\/\\\/schema.org\",\"@graph\":[{\"@type\":\"Article\",\"@id\":\"https:\\\/\\\/gulmangroup.com\\\/2023-ocak-euronews-sport\\\/#article\",\"isPartOf\":{\"@id\":\"https:\\\/\\\/gulmangroup.com\\\/2023-ocak-euronews-sport\\\/\"},\"author\":{\"name\":\"Dijifabrik\",\"@id\":\"https:\\\/\\\/gulmangroup.com\\\/#\\\/schema\\\/person\\\/d8e67eb91623437ff9adaf9bf29309ec\"},\"headline\":\"2023 Ocak, Euronews Sport\",\"datePublished\":\"2023-01-13T15:37:53+00:00\",\"dateModified\":\"2026-02-03T13:57:21+00:00\",\"mainEntityOfPage\":{\"@id\":\"https:\\\/\\\/gulmangroup.com\\\/2023-ocak-euronews-sport\\\/\"},\"wordCount\":1130,\"publisher\":{\"@id\":\"https:\\\/\\\/gulmangroup.com\\\/#organization\"},\"image\":{\"@id\":\"https:\\\/\\\/gulmangroup.com\\\/2023-ocak-euronews-sport\\\/#primaryimage\"},\"thumbnailUrl\":\"https:\\\/\\\/gulmangroup.com\\\/wp-content\\\/uploads\\\/2023\\\/11\\\/2023-ocak-euronewsport-2-1-header.jpg\",\"articleSection\":[\"Bas\u0131n Odas\u0131\"],\"inLanguage\":\"fr-FR\"},{\"@type\":\"WebPage\",\"@id\":\"https:\\\/\\\/gulmangroup.com\\\/2023-ocak-euronews-sport\\\/\",\"url\":\"https:\\\/\\\/gulmangroup.com\\\/2023-ocak-euronews-sport\\\/\",\"name\":\"G\u00fclman Group | 2023 Ocak, Euronews Sport\",\"isPartOf\":{\"@id\":\"https:\\\/\\\/gulmangroup.com\\\/#website\"},\"primaryImageOfPage\":{\"@id\":\"https:\\\/\\\/gulmangroup.com\\\/2023-ocak-euronews-sport\\\/#primaryimage\"},\"image\":{\"@id\":\"https:\\\/\\\/gulmangroup.com\\\/2023-ocak-euronews-sport\\\/#primaryimage\"},\"thumbnailUrl\":\"https:\\\/\\\/gulmangroup.com\\\/wp-content\\\/uploads\\\/2023\\\/11\\\/2023-ocak-euronewsport-2-1-header.jpg\",\"datePublished\":\"2023-01-13T15:37:53+00:00\",\"dateModified\":\"2026-02-03T13:57:21+00:00\",\"description\":\"Polat G\u00fclman, faiz indirimleriyle yat\u0131r\u0131m ortam\u0131n\u0131n canlanaca\u011f\u0131n\u0131 belirterek yeni pozisyonlar alman\u0131n zaman\u0131 geldi\u011fini vurguluyor.\",\"breadcrumb\":{\"@id\":\"https:\\\/\\\/gulmangroup.com\\\/2023-ocak-euronews-sport\\\/#breadcrumb\"},\"inLanguage\":\"fr-FR\",\"potentialAction\":[{\"@type\":\"ReadAction\",\"target\":[\"https:\\\/\\\/gulmangroup.com\\\/2023-ocak-euronews-sport\\\/\"]}]},{\"@type\":\"ImageObject\",\"inLanguage\":\"fr-FR\",\"@id\":\"https:\\\/\\\/gulmangroup.com\\\/2023-ocak-euronews-sport\\\/#primaryimage\",\"url\":\"https:\\\/\\\/gulmangroup.com\\\/wp-content\\\/uploads\\\/2023\\\/11\\\/2023-ocak-euronewsport-2-1-header.jpg\",\"contentUrl\":\"https:\\\/\\\/gulmangroup.com\\\/wp-content\\\/uploads\\\/2023\\\/11\\\/2023-ocak-euronewsport-2-1-header.jpg\",\"width\":500,\"height\":500,\"caption\":\"Polat G\u00fclman liderli\u011finde G\u00fclman Group, depo yat\u0131r\u0131mlar\u0131n\u0131 ve lojistik alan\u0131ndaki b\u00fcy\u00fcmesini s\u00fcrd\u00fcr\u00fcyor, Tuzla ve Gebze projelerini planl\u0131yor.\"},{\"@type\":\"BreadcrumbList\",\"@id\":\"https:\\\/\\\/gulmangroup.com\\\/2023-ocak-euronews-sport\\\/#breadcrumb\",\"itemListElement\":[{\"@type\":\"ListItem\",\"position\":1,\"name\":\"Ana sayfa\",\"item\":\"https:\\\/\\\/gulmangroup.com\\\/\"},{\"@type\":\"ListItem\",\"position\":2,\"name\":\"2023 Ocak, Euronews Sport\"}]},{\"@type\":\"WebSite\",\"@id\":\"https:\\\/\\\/gulmangroup.com\\\/#website\",\"url\":\"https:\\\/\\\/gulmangroup.com\\\/\",\"name\":\"G\u00fclman Group\",\"description\":\"Yar\u0131n i\u00e7in bug\u00fcnden\",\"publisher\":{\"@id\":\"https:\\\/\\\/gulmangroup.com\\\/#organization\"},\"potentialAction\":[{\"@type\":\"SearchAction\",\"target\":{\"@type\":\"EntryPoint\",\"urlTemplate\":\"https:\\\/\\\/gulmangroup.com\\\/?s={search_term_string}\"},\"query-input\":{\"@type\":\"PropertyValueSpecification\",\"valueRequired\":true,\"valueName\":\"search_term_string\"}}],\"inLanguage\":\"fr-FR\"},{\"@type\":\"Organization\",\"@id\":\"https:\\\/\\\/gulmangroup.com\\\/#organization\",\"name\":\"G\u00fclman Group\",\"url\":\"https:\\\/\\\/gulmangroup.com\\\/\",\"logo\":{\"@type\":\"ImageObject\",\"inLanguage\":\"fr-FR\",\"@id\":\"https:\\\/\\\/gulmangroup.com\\\/#\\\/schema\\\/logo\\\/image\\\/\",\"url\":\"https:\\\/\\\/gulmangroup.com\\\/wp-content\\\/uploads\\\/2022\\\/01\\\/gulmangroup-logo-70.yil_.svg\",\"contentUrl\":\"https:\\\/\\\/gulmangroup.com\\\/wp-content\\\/uploads\\\/2022\\\/01\\\/gulmangroup-logo-70.yil_.svg\",\"width\":259,\"height\":67,\"caption\":\"G\u00fclman Group\"},\"image\":{\"@id\":\"https:\\\/\\\/gulmangroup.com\\\/#\\\/schema\\\/logo\\\/image\\\/\"}},{\"@type\":\"Person\",\"@id\":\"https:\\\/\\\/gulmangroup.com\\\/#\\\/schema\\\/person\\\/d8e67eb91623437ff9adaf9bf29309ec\",\"name\":\"Dijifabrik\",\"image\":{\"@type\":\"ImageObject\",\"inLanguage\":\"fr-FR\",\"@id\":\"https:\\\/\\\/gulmangroup.com\\\/wp-content\\\/litespeed\\\/avatar\\\/248b0d2ac66c24e4c7abd80f58b71c23.jpg?ver=1777365067\",\"url\":\"https:\\\/\\\/gulmangroup.com\\\/wp-content\\\/litespeed\\\/avatar\\\/248b0d2ac66c24e4c7abd80f58b71c23.jpg?ver=1777365067\",\"contentUrl\":\"https:\\\/\\\/gulmangroup.com\\\/wp-content\\\/litespeed\\\/avatar\\\/248b0d2ac66c24e4c7abd80f58b71c23.jpg?ver=1777365067\",\"caption\":\"Dijifabrik\"}}]}<\/script>\n<!-- \/ Yoast SEO plugin. -->","yoast_head_json":{"title":"G\u00fclman Group | 2023 Ocak, Euronews Sport","description":"Polat G\u00fclman, faiz indirimleriyle yat\u0131r\u0131m ortam\u0131n\u0131n canlanaca\u011f\u0131n\u0131 belirterek yeni pozisyonlar alman\u0131n zaman\u0131 geldi\u011fini vurguluyor.","robots":{"index":"index","follow":"follow","max-snippet":"max-snippet:-1","max-image-preview":"max-image-preview:large","max-video-preview":"max-video-preview:-1"},"canonical":"https:\/\/gulmangroup.com\/fr\/2023-ocak-euronews-sport\/","og_locale":"fr_FR","og_type":"article","og_title":"G\u00fclman Group | 2023 Ocak, Euronews Sport","og_description":"Polat G\u00fclman, faiz indirimleriyle yat\u0131r\u0131m ortam\u0131n\u0131n canlanaca\u011f\u0131n\u0131 belirterek yeni pozisyonlar alman\u0131n zaman\u0131 geldi\u011fini vurguluyor.","og_url":"https:\/\/gulmangroup.com\/fr\/2023-ocak-euronews-sport\/","og_site_name":"G\u00fclman Group","article_published_time":"2023-01-13T15:37:53+00:00","article_modified_time":"2026-02-03T13:57:21+00:00","og_image":[{"width":500,"height":500,"url":"https:\/\/gulmangroup.com\/wp-content\/uploads\/2023\/11\/2023-ocak-euronewsport-2-1-header.jpg","type":"image\/jpeg"}],"author":"Dijifabrik","twitter_card":"summary_large_image","twitter_misc":{"\u00c9crit par":"Dijifabrik","Dur\u00e9e de lecture estim\u00e9e":"5 minutes"},"schema":{"@context":"https:\/\/schema.org","@graph":[{"@type":"Article","@id":"https:\/\/gulmangroup.com\/2023-ocak-euronews-sport\/#article","isPartOf":{"@id":"https:\/\/gulmangroup.com\/2023-ocak-euronews-sport\/"},"author":{"name":"Dijifabrik","@id":"https:\/\/gulmangroup.com\/#\/schema\/person\/d8e67eb91623437ff9adaf9bf29309ec"},"headline":"2023 Ocak, Euronews Sport","datePublished":"2023-01-13T15:37:53+00:00","dateModified":"2026-02-03T13:57:21+00:00","mainEntityOfPage":{"@id":"https:\/\/gulmangroup.com\/2023-ocak-euronews-sport\/"},"wordCount":1130,"publisher":{"@id":"https:\/\/gulmangroup.com\/#organization"},"image":{"@id":"https:\/\/gulmangroup.com\/2023-ocak-euronews-sport\/#primaryimage"},"thumbnailUrl":"https:\/\/gulmangroup.com\/wp-content\/uploads\/2023\/11\/2023-ocak-euronewsport-2-1-header.jpg","articleSection":["Bas\u0131n Odas\u0131"],"inLanguage":"fr-FR"},{"@type":"WebPage","@id":"https:\/\/gulmangroup.com\/2023-ocak-euronews-sport\/","url":"https:\/\/gulmangroup.com\/2023-ocak-euronews-sport\/","name":"G\u00fclman Group | 2023 Ocak, Euronews Sport","isPartOf":{"@id":"https:\/\/gulmangroup.com\/#website"},"primaryImageOfPage":{"@id":"https:\/\/gulmangroup.com\/2023-ocak-euronews-sport\/#primaryimage"},"image":{"@id":"https:\/\/gulmangroup.com\/2023-ocak-euronews-sport\/#primaryimage"},"thumbnailUrl":"https:\/\/gulmangroup.com\/wp-content\/uploads\/2023\/11\/2023-ocak-euronewsport-2-1-header.jpg","datePublished":"2023-01-13T15:37:53+00:00","dateModified":"2026-02-03T13:57:21+00:00","description":"Polat G\u00fclman, faiz indirimleriyle yat\u0131r\u0131m ortam\u0131n\u0131n canlanaca\u011f\u0131n\u0131 belirterek yeni pozisyonlar alman\u0131n zaman\u0131 geldi\u011fini vurguluyor.","breadcrumb":{"@id":"https:\/\/gulmangroup.com\/2023-ocak-euronews-sport\/#breadcrumb"},"inLanguage":"fr-FR","potentialAction":[{"@type":"ReadAction","target":["https:\/\/gulmangroup.com\/2023-ocak-euronews-sport\/"]}]},{"@type":"ImageObject","inLanguage":"fr-FR","@id":"https:\/\/gulmangroup.com\/2023-ocak-euronews-sport\/#primaryimage","url":"https:\/\/gulmangroup.com\/wp-content\/uploads\/2023\/11\/2023-ocak-euronewsport-2-1-header.jpg","contentUrl":"https:\/\/gulmangroup.com\/wp-content\/uploads\/2023\/11\/2023-ocak-euronewsport-2-1-header.jpg","width":500,"height":500,"caption":"Polat G\u00fclman liderli\u011finde G\u00fclman Group, depo yat\u0131r\u0131mlar\u0131n\u0131 ve lojistik alan\u0131ndaki b\u00fcy\u00fcmesini s\u00fcrd\u00fcr\u00fcyor, Tuzla ve Gebze projelerini planl\u0131yor."},{"@type":"BreadcrumbList","@id":"https:\/\/gulmangroup.com\/2023-ocak-euronews-sport\/#breadcrumb","itemListElement":[{"@type":"ListItem","position":1,"name":"Ana sayfa","item":"https:\/\/gulmangroup.com\/"},{"@type":"ListItem","position":2,"name":"2023 Ocak, Euronews Sport"}]},{"@type":"WebSite","@id":"https:\/\/gulmangroup.com\/#website","url":"https:\/\/gulmangroup.com\/","name":"Groupe G\u00fclman","description":"Yar\u0131n i\u00e7in bug\u00fcnden","publisher":{"@id":"https:\/\/gulmangroup.com\/#organization"},"potentialAction":[{"@type":"SearchAction","target":{"@type":"EntryPoint","urlTemplate":"https:\/\/gulmangroup.com\/?s={search_term_string}"},"query-input":{"@type":"PropertyValueSpecification","valueRequired":true,"valueName":"search_term_string"}}],"inLanguage":"fr-FR"},{"@type":"Organization","@id":"https:\/\/gulmangroup.com\/#organization","name":"Groupe G\u00fclman","url":"https:\/\/gulmangroup.com\/","logo":{"@type":"ImageObject","inLanguage":"fr-FR","@id":"https:\/\/gulmangroup.com\/#\/schema\/logo\/image\/","url":"https:\/\/gulmangroup.com\/wp-content\/uploads\/2022\/01\/gulmangroup-logo-70.yil_.svg","contentUrl":"https:\/\/gulmangroup.com\/wp-content\/uploads\/2022\/01\/gulmangroup-logo-70.yil_.svg","width":259,"height":67,"caption":"G\u00fclman Group"},"image":{"@id":"https:\/\/gulmangroup.com\/#\/schema\/logo\/image\/"}},{"@type":"Person","@id":"https:\/\/gulmangroup.com\/#\/schema\/person\/d8e67eb91623437ff9adaf9bf29309ec","name":"Dijifabrik","image":{"@type":"ImageObject","inLanguage":"fr-FR","@id":"https:\/\/gulmangroup.com\/wp-content\/litespeed\/avatar\/248b0d2ac66c24e4c7abd80f58b71c23.jpg?ver=1777365067","url":"https:\/\/gulmangroup.com\/wp-content\/litespeed\/avatar\/248b0d2ac66c24e4c7abd80f58b71c23.jpg?ver=1777365067","contentUrl":"https:\/\/gulmangroup.com\/wp-content\/litespeed\/avatar\/248b0d2ac66c24e4c7abd80f58b71c23.jpg?ver=1777365067","caption":"Dijifabrik"}}]}},"_links":{"self":[{"href":"https:\/\/gulmangroup.com\/fr\/wp-json\/wp\/v2\/posts\/19245","targetHints":{"allow":["GET"]}}],"collection":[{"href":"https:\/\/gulmangroup.com\/fr\/wp-json\/wp\/v2\/posts"}],"about":[{"href":"https:\/\/gulmangroup.com\/fr\/wp-json\/wp\/v2\/types\/post"}],"author":[{"embeddable":true,"href":"https:\/\/gulmangroup.com\/fr\/wp-json\/wp\/v2\/users\/28"}],"replies":[{"embeddable":true,"href":"https:\/\/gulmangroup.com\/fr\/wp-json\/wp\/v2\/comments?post=19245"}],"version-history":[{"count":1,"href":"https:\/\/gulmangroup.com\/fr\/wp-json\/wp\/v2\/posts\/19245\/revisions"}],"predecessor-version":[{"id":19247,"href":"https:\/\/gulmangroup.com\/fr\/wp-json\/wp\/v2\/posts\/19245\/revisions\/19247"}],"wp:featuredmedia":[{"embeddable":true,"href":"https:\/\/gulmangroup.com\/fr\/wp-json\/wp\/v2\/media\/19246"}],"wp:attachment":[{"href":"https:\/\/gulmangroup.com\/fr\/wp-json\/wp\/v2\/media?parent=19245"}],"wp:term":[{"taxonomy":"category","embeddable":true,"href":"https:\/\/gulmangroup.com\/fr\/wp-json\/wp\/v2\/categories?post=19245"},{"taxonomy":"post_tag","embeddable":true,"href":"https:\/\/gulmangroup.com\/fr\/wp-json\/wp\/v2\/tags?post=19245"}],"curies":[{"name":"wp","href":"https:\/\/api.w.org\/{rel}","templated":true}]}}